{"id":11845,"date":"2025-01-31T14:10:11","date_gmt":"2025-01-31T12:10:11","guid":{"rendered":"https:\/\/www.aria-net.it\/?p=11845"},"modified":"2025-02-27T18:26:24","modified_gmt":"2025-02-27T16:26:24","slug":"%f0%9d%90%8f%f0%9d%90%a2%f0%9d%90%9a%f0%9d%90%a7%f0%9d%90%a8-%f0%9d%90%9d%f0%9d%90%a2-%f0%9d%90%a0%f0%9d%90%9e%f0%9d%90%ac%f0%9d%90%ad%f0%9d%90%a2%f0%9d%90%a8%f0%9d%90%a7%f0%9d%90%9e","status":"publish","type":"post","link":"https:\/\/www.aria-net.it\/it\/%f0%9d%90%8f%f0%9d%90%a2%f0%9d%90%9a%f0%9d%90%a7%f0%9d%90%a8-%f0%9d%90%9d%f0%9d%90%a2-%f0%9d%90%a0%f0%9d%90%9e%f0%9d%90%ac%f0%9d%90%ad%f0%9d%90%a2%f0%9d%90%a8%f0%9d%90%a7%f0%9d%90%9e\/","title":{"rendered":"&#8220;Piano di gestione integrata del clima e della qualit\u00e0 dell&#8217;aria per la riduzione delle emissioni atmosferiche nell&#8217;area del Cairo&#8221;"},"content":{"rendered":"<p>L\u2019area definita \u201c<strong>Grande Cairo<\/strong>\u201d \u00e8 la pi\u00f9 grande regione metropolitana dell&#8217;Egitto, con una superficie totale di 3084.7 Km2 e una popolazione di 26 milioni di abitanti (nel 2023).<\/p>\n<p>Essere coinvolti nella redazione del \u201c\ud835\udc0f\ud835\udc22\ud835\udc1a\ud835\udc27\ud835\udc28 \ud835\udc1d\ud835\udc22 \ud835\udc20\ud835\udc1e\ud835\udc2c\ud835\udc2d\ud835\udc22\ud835\udc28\ud835\udc27\ud835\udc1e \ud835\udc22\ud835\udc27\ud835\udc2d\ud835\udc1e\ud835\udc20\ud835\udc2b\ud835\udc1a\ud835\udc2d\ud835\udc1a \ud835\udc1d\ud835\udc1e\ud835\udc25 \ud835\udc1c\ud835\udc25\ud835\udc22\ud835\udc26\ud835\udc1a \ud835\udc1e \ud835\udc1d\ud835\udc1e\ud835\udc25\ud835\udc25\ud835\udc1a \ud835\udc2a\ud835\udc2e\ud835\udc1a\ud835\udc25\ud835\udc22\ud835\udc2d\u00e0 \ud835\udc1d\ud835\udc1e\ud835\udc25\ud835\udc25&#8217;\ud835\udc1a\ud835\udc2b\ud835\udc22\ud835\udc1a \ud835\udc29\ud835\udc1e\ud835\udc2b \ud835\udc25\ud835\udc1a \ud835\udc2b\ud835\udc22\ud835\udc1d\ud835\udc2e\ud835\udc33\ud835\udc22\ud835\udc28\ud835\udc27\ud835\udc1e \ud835\udc1d\ud835\udc1e\ud835\udc25\ud835\udc25\ud835\udc1e \ud835\udc1e\ud835\udc26\ud835\udc22\ud835\udc2c\ud835\udc2c\ud835\udc22\ud835\udc28\ud835\udc27\ud835\udc22 \ud835\udc1a\ud835\udc2d\ud835\udc26\ud835\udc28\ud835\udc2c\ud835\udc1f\ud835\udc1e\ud835\udc2b\ud835\udc22\ud835\udc1c\ud835\udc21\ud835\udc1e \ud835\udc27\ud835\udc1e\ud835\udc25\ud835\udc25&#8217;\ud835\udc1a\ud835\udc2b\ud835\udc1e\ud835\udc1a \ud835\udc1d\ud835\udc1e\ud835\udc25 \ud835\udc02\ud835\udc1a\ud835\udc22\ud835\udc2b\ud835\udc28\u201d, iniziato la scorsa estate e finanziato dalla Banca Mondiale, \u00e8 per <strong>ARIANET<\/strong> e tutto il gruppo <strong>SUEZ <\/strong>\ud835\udc00\ud835\udc22\ud835\udc2b&amp;\ud835\udc02\ud835\udc25\ud835\udc22\ud835\udc26\ud835\udc1a\ud835\udc2d\ud835\udc1e\u00a0una grande sfida, ma sapere di essere parte di un\u2019impresa cos\u00ec ambiziosa e necessaria alla luce dell&#8217;attuale contesto ambientale \u00e8 sicuramene molto motivante per il nostro team italo-francese che \u00e8 appena tornato dalla sua seconda missione al Cairo!<\/p>\n<p>Quella appena trascorsa \u00e8 stata un settimana davvero intensa, in cui noi insieme ai colleghi di <strong>Chemonics Egypt Consultants<\/strong> con cui stiamo collaborando, abbiamo incontrato numerosi interlocutori, tra cui l&#8217;Agenzia Egiziana per gli Affari Ambientali, che fa capo al Ministero dell&#8217;Ambiente, principale beneficiario del progetto, e i rappresentanti di diversi altri ministeri.<\/p>\n<p>Abbiamo avuto anche l&#8217;onore di essere invitati al workshop organizzato dalla Banca Mondiale per la Giornata Nazionale dell\u2019Ambiente 2025, durante il quale la ministra dell\u2019Ambiente egiziana, Yasmin Fouad, ha ribadito l\u2019impegno del Paese per una transizione verde giusta, nonostante le sfide globali, sottolineando dunque come le questioni ambientali siano ora al centro dello sviluppo nazionale e della sicurezza.<\/p>\n<p>Giornate intense di confronto, mirate a raccogliere informazioni fondamentali per definire linee guida efficaci nella riduzione degli inquinanti e delle emissioni di gas climalteranti, valutandone i benefici sulla salute pubblica e l\u2019impatto economico.<\/p>\n<p>I prossimi 24 mesi saranno densi di lavoro, ma \u00e8 estremamente stimolante far parte di un progetto che coinvolge oltre venti milioni di persone. Ridurre le emissioni nella pi\u00f9 grande area urbana dell\u2019Africa richiede un approccio multidisciplinare e l\u2019applicazione di competenze diversificate in un contesto in cui, nonostante i progressi recenti, i livelli di inquinamento restano ancora ben al di sopra delle soglie raccomandate dall\u2019OMS, con gravi ripercussioni sulla qualit\u00e0 della vita, soprattutto per le fasce pi\u00f9 vulnerabili della popolazione.<\/p>\n<p>&nbsp;<\/p>\n","protected":false},"excerpt":{"rendered":"<p>L\u2019area definita \u201cGrande Cairo\u201d \u00e8 la pi\u00f9 grande regione metropolitana dell&#8217;Egitto, con una superficie totale di 3084.7 Km2 e una popolazione di&#8230;<\/p>\n","protected":false},"author":2,"featured_media":0,"comment_status":"closed","ping_status":"closed","sticky":false,"template":"","format":"standard","meta":{"footnotes":""},"categories":[104],"tags":[],"class_list":["post-11845","post","type-post","status-publish","format-standard","hentry","category-news"],"_links":{"self":[{"href":"https:\/\/www.aria-net.it\/it\/wp-json\/wp\/v2\/posts\/11845","targetHints":{"allow":["GET"]}}],"collection":[{"href":"https:\/\/www.aria-net.it\/it\/wp-json\/wp\/v2\/posts"}],"about":[{"href":"https:\/\/www.aria-net.it\/it\/wp-json\/wp\/v2\/types\/post"}],"author":[{"embeddable":true,"href":"https:\/\/www.aria-net.it\/it\/wp-json\/wp\/v2\/users\/2"}],"replies":[{"embeddable":true,"href":"https:\/\/www.aria-net.it\/it\/wp-json\/wp\/v2\/comments?post=11845"}],"version-history":[{"count":3,"href":"https:\/\/www.aria-net.it\/it\/wp-json\/wp\/v2\/posts\/11845\/revisions"}],"predecessor-version":[{"id":11850,"href":"https:\/\/www.aria-net.it\/it\/wp-json\/wp\/v2\/posts\/11845\/revisions\/11850"}],"wp:attachment":[{"href":"https:\/\/www.aria-net.it\/it\/wp-json\/wp\/v2\/media?parent=11845"}],"wp:term":[{"taxonomy":"category","embeddable":true,"href":"https:\/\/www.aria-net.it\/it\/wp-json\/wp\/v2\/categories?post=11845"},{"taxonomy":"post_tag","embeddable":true,"href":"https:\/\/www.aria-net.it\/it\/wp-json\/wp\/v2\/tags?post=11845"}],"curies":[{"name":"wp","href":"https:\/\/api.w.org\/{rel}","templated":true}]}}