{"id":12398,"date":"2025-04-30T15:23:52","date_gmt":"2025-04-30T13:23:52","guid":{"rendered":"https:\/\/www.aria-net.it\/?p=12398"},"modified":"2025-04-30T15:29:35","modified_gmt":"2025-04-30T13:29:35","slug":"egu2025","status":"publish","type":"post","link":"https:\/\/www.aria-net.it\/it\/egu2025\/","title":{"rendered":"EGU2025"},"content":{"rendered":"<div class=\"feed-shared-update-v2__description-wrapper mr2\" tabindex=\"-1\">\n<div class=\"feed-shared-inline-show-more-text feed-shared-update-v2__description feed-shared-inline-show-more-text--minimal-padding feed-shared-inline-show-more-text--expanded \" tabindex=\"-1\">\n<div class=\"update-components-text relative update-components-update-v2__commentary \" dir=\"ltr\">\n<p>Una volta all\u2019anno, ricercatori e professionisti che si occupano di scienze della Terra, planetologia, scienze dell\u2019atmosfera e dello spazio si ritrovano per confrontarsi sullo stato dell\u2019arte della ricerca, presentare risultati e discutere le prossime sfide.<\/p>\n<p>In questa settimana infatti, tra il 27 aprile ed il 2 maggio, si sta svolgendo a Vienna la conferenza <strong>EGU2025<\/strong>, organizzata dalla <strong>European Geosciences Union (EGU)<\/strong>, la principale organizzazione per la ricerca sulla Terra, sui pianeti e sullo spazio in Europa nata nel 2002 dalla fusione della Societ\u00e0 europea di geofisica (EGS) e dell&#8217;Unione europea di geoscienze (EUG).<\/p>\n<p>Nella sessione dedicata alle Scienze dell\u2019Atmosfera, <strong>ARIANET<\/strong> ed <strong>ENEA<\/strong> hanno presentato un lavoro congiunto che riguarda l\u2019integrazione dei dati satellitari Sentinel-5P all\u2019interno del modello MINNI, uno dei modelli regionali che contribuiscono ai forecast di CAMS (Copernicus Atmosphere Monitoring Service), dal titolo &#8220;\ud835\udc00\ud835\udc2c\ud835\udc2c\ud835\udc1e\ud835\udc2c\ud835\udc2c\ud835\udc22\ud835\udc27\ud835\udc20 \ud835\udc2d\ud835\udc21\ud835\udc1e \ud835\udc22\ud835\udc26\ud835\udc29\ud835\udc1a\ud835\udc1c\ud835\udc2d\ud835\udc2c \ud835\udc28\ud835\udc1f \ud835\udc1a\ud835\udc2c\ud835\udc2c\ud835\udc22\ud835\udc26\ud835\udc22\ud835\udc25\ud835\udc1a\ud835\udc2d\ud835\udc22\ud835\udc27\ud835\udc20 \ud835\udc12\ud835\udc0e2 \ud835\udc13\ud835\udc11\ud835\udc0e\ud835\udc0f\ud835\udc0e\ud835\udc0c\ud835\udc08 \ud835\udc2b\ud835\udc1e\ud835\udc2d\ud835\udc2b\ud835\udc22\ud835\udc1e\ud835\udc2f\ud835\udc1a\ud835\udc25\ud835\udc2c \ud835\udc30\ud835\udc22\ud835\udc2d\ud835\udc21 \ud835\udc0c\ud835\udc08\ud835\udc0d\ud835\udc0d\ud835\udc08 \ud835\udc1a\ud835\udc27\ud835\udc1d \ud835\udc03\ud835\udc00\ud835\udc11\ud835\udc13 \ud835\udc1a\ud835\udc2d \ud835\udc2d\ud835\udc21\ud835\udc1e \ud835\udc04\ud835\udc2e\ud835\udc2b\ud835\udc28\ud835\udc29\ud835\udc1e\ud835\udc1a\ud835\udc27 \ud835\udc2c\ud835\udc1c\ud835\udc1a\ud835\udc25\ud835\udc1e: \ud835\udc1a \ud835\udc1c\ud835\udc1a\ud835\udc2c\ud835\udc1e \ud835\udc2c\ud835\udc2d\ud835\udc2e\ud835\udc1d\ud835\udc32 \ud835\udc28\ud835\udc1f \ud835\udc2d\ud835\udc21\ud835\udc1e \ud835\udc0c\ud835\udc28\ud835\udc2e\ud835\udc27\ud835\udc2d \ud835\udc04\ud835\udc2d\ud835\udc27\ud835\udc1a \ud835\udc1e\ud835\udc2b\ud835\udc2e\ud835\udc29\ud835\udc2d\ud835\udc22\ud835\udc28\ud835\udc27&#8221; durante la sessione &#8220;\ud835\udc00\ud835\udc2d\ud835\udc26\ud835\udc28\ud835\udc2c\ud835\udc29\ud835\udc21\ud835\udc1e\ud835\udc2b\ud835\udc22\ud835\udc1c \ud835\udc02\ud835\udc28\ud835\udc26\ud835\udc29\ud835\udc28\ud835\udc2c\ud835\udc22\ud835\udc2d\ud835\udc22\ud835\udc28\ud835\udc27 \ud835\udc1a\ud835\udc27\ud835\udc1d \ud835\udc0d\ud835\udc2e\ud835\udc26\ud835\udc1e\ud835\udc2b\ud835\udc22\ud835\udc1c\ud835\udc1a\ud835\udc25 \ud835\udc16\ud835\udc1e\ud835\udc1a\ud835\udc2d\ud835\udc21\ud835\udc1e\ud835\udc2b \ud835\udc05\ud835\udc28\ud835\udc2b\ud835\udc1e\ud835\udc1c\ud835\udc1a\ud835\udc2c\ud835\udc2d\ud835\udc22\ud835\udc27\ud835\udc20&#8221;<\/p>\n<p>Il focus della presentazione di Alessandro D&#8217;Ausilio ha riguardato in particolare gli eventi vulcanici, come le recenti attivit\u00e0 dell\u2019Etna, e le sfide scientifiche e tecniche legate all\u2019integrazione dei dati di biossido di zolfo (SO\u2082) osservati dallo spazio con quelli prodotti dal modello atmosferico FARM.<\/p>\n<p>Il feedback ricevuto dalla comunit\u00e0 scientifica \u00e8 stato molto positivo. Questo ci incoraggia a proseguire nel percorso di innovazione, che \u00e8 da sempre uno dei valori fondanti del lavoro di <strong>ARIANET<\/strong><\/p>\n<p><a href=\"https:\/\/meetingorganizer.copernicus.org\/EGU25\/EGU25-16042.html\" target=\"_blank\" rel=\"noopener\"><img loading=\"lazy\" decoding=\"async\" class=\"alignnone size-medium wp-image-12399\" src=\"https:\/\/www.aria-net.it\/wp-content\/uploads\/2025\/04\/ARIANET_EGU2025_1-300x168.jpg\" alt=\"\" width=\"300\" height=\"168\" srcset=\"https:\/\/www.aria-net.it\/wp-content\/uploads\/2025\/04\/ARIANET_EGU2025_1-300x168.jpg 300w, https:\/\/www.aria-net.it\/wp-content\/uploads\/2025\/04\/ARIANET_EGU2025_1-1024x575.jpg 1024w, https:\/\/www.aria-net.it\/wp-content\/uploads\/2025\/04\/ARIANET_EGU2025_1-768x431.jpg 768w, https:\/\/www.aria-net.it\/wp-content\/uploads\/2025\/04\/ARIANET_EGU2025_1-24x13.jpg 24w, https:\/\/www.aria-net.it\/wp-content\/uploads\/2025\/04\/ARIANET_EGU2025_1-36x20.jpg 36w, https:\/\/www.aria-net.it\/wp-content\/uploads\/2025\/04\/ARIANET_EGU2025_1-48x27.jpg 48w, https:\/\/www.aria-net.it\/wp-content\/uploads\/2025\/04\/ARIANET_EGU2025_1-400x224.jpg 400w, https:\/\/www.aria-net.it\/wp-content\/uploads\/2025\/04\/ARIANET_EGU2025_1.jpg 1233w\" sizes=\"auto, (max-width: 300px) 100vw, 300px\" \/><\/a><\/p>\n<\/div>\n<\/div>\n<\/div>\n","protected":false},"excerpt":{"rendered":"<p>Una volta all\u2019anno, ricercatori e professionisti che si occupano di scienze della Terra, planetologia, scienze dell\u2019atmosfera e dello spazio si ritrovano per&#8230;<\/p>\n","protected":false},"author":2,"featured_media":0,"comment_status":"closed","ping_status":"closed","sticky":false,"template":"","format":"standard","meta":{"footnotes":""},"categories":[104],"tags":[],"class_list":["post-12398","post","type-post","status-publish","format-standard","hentry","category-news"],"_links":{"self":[{"href":"https:\/\/www.aria-net.it\/it\/wp-json\/wp\/v2\/posts\/12398","targetHints":{"allow":["GET"]}}],"collection":[{"href":"https:\/\/www.aria-net.it\/it\/wp-json\/wp\/v2\/posts"}],"about":[{"href":"https:\/\/www.aria-net.it\/it\/wp-json\/wp\/v2\/types\/post"}],"author":[{"embeddable":true,"href":"https:\/\/www.aria-net.it\/it\/wp-json\/wp\/v2\/users\/2"}],"replies":[{"embeddable":true,"href":"https:\/\/www.aria-net.it\/it\/wp-json\/wp\/v2\/comments?post=12398"}],"version-history":[{"count":1,"href":"https:\/\/www.aria-net.it\/it\/wp-json\/wp\/v2\/posts\/12398\/revisions"}],"predecessor-version":[{"id":12401,"href":"https:\/\/www.aria-net.it\/it\/wp-json\/wp\/v2\/posts\/12398\/revisions\/12401"}],"wp:attachment":[{"href":"https:\/\/www.aria-net.it\/it\/wp-json\/wp\/v2\/media?parent=12398"}],"wp:term":[{"taxonomy":"category","embeddable":true,"href":"https:\/\/www.aria-net.it\/it\/wp-json\/wp\/v2\/categories?post=12398"},{"taxonomy":"post_tag","embeddable":true,"href":"https:\/\/www.aria-net.it\/it\/wp-json\/wp\/v2\/tags?post=12398"}],"curies":[{"name":"wp","href":"https:\/\/api.w.org\/{rel}","templated":true}]}}