{"id":12460,"date":"2025-06-18T14:55:58","date_gmt":"2025-06-18T12:55:58","guid":{"rendered":"https:\/\/www.aria-net.it\/?p=12460"},"modified":"2025-06-18T14:55:58","modified_gmt":"2025-06-18T12:55:58","slug":"progetto-foci-meeting-annuale-a-milano","status":"publish","type":"post","link":"https:\/\/www.aria-net.it\/it\/progetto-foci-meeting-annuale-a-milano\/","title":{"rendered":"Progetto FOCI: meeting annuale a Milano"},"content":{"rendered":"<div class=\"feed-shared-update-v2__description-wrapper mr2\" tabindex=\"-1\">\n<div class=\"feed-shared-inline-show-more-text feed-shared-update-v2__description feed-shared-inline-show-more-text--minimal-padding feed-shared-inline-show-more-text--expanded \" tabindex=\"-1\">\n<div class=\"update-components-text relative update-components-update-v2__commentary \" dir=\"ltr\"><\/div>\n<\/div>\n<\/div>\n<p><img loading=\"lazy\" decoding=\"async\" class=\"size-full wp-image-12462 alignleft\" src=\"https:\/\/www.aria-net.it\/wp-content\/uploads\/2025\/06\/ARIANET_FOCI_jun2025.png\" alt=\"\" width=\"237\" height=\"78\" srcset=\"https:\/\/www.aria-net.it\/wp-content\/uploads\/2025\/06\/ARIANET_FOCI_jun2025.png 237w, https:\/\/www.aria-net.it\/wp-content\/uploads\/2025\/06\/ARIANET_FOCI_jun2025-24x8.png 24w, https:\/\/www.aria-net.it\/wp-content\/uploads\/2025\/06\/ARIANET_FOCI_jun2025-36x12.png 36w, https:\/\/www.aria-net.it\/wp-content\/uploads\/2025\/06\/ARIANET_FOCI_jun2025-48x16.png 48w\" sizes=\"auto, (max-width: 237px) 100vw, 237px\" \/>Quest&#8217;anno abbiamo avuto il piacere di ospitare a Milano il meeting annuale del progetto FOCI, il progetto europeo del Programma Quadro HORIZON che nel periodo tra il 2022 ed il 2026 mira a comprendere meglio le principali\u00a0forzanti radiative non-CO2, a valutare dove e come si manifestano e il loro\u00a0impatto pi\u00f9 ampio sul\u00a0sistema climatico, sulla meteorologia, sulla qualit\u00e0 dell&#8217;aria e sulla\u00a0salute; a quasi tre anni dall\u2019inizio del Progetto si \u00e8 fatto il punto dello stato delle attivit\u00e0 e dei prossimi passi da compiere.<\/p>\n<p>Ancora una volta possiamo dire di essere orgogliosi\u00a0 di essere partner di progetti tanto ambiziosi quanto importanti, la presenza di <a href=\"https:\/\/www.linkedin.com\/company\/546590\/admin\/dashboard\/\" data-cmp-ab=\"2\"><strong>ARIANET<\/strong><\/a>\u00a0in questi contesti rappresenta da sempre un valore aggiunto rispetto ai servizi e all\u2019assistenza che forniamo ai nostri clienti, poich\u00e9 ci permette di rimanere sempre aggiornati sugli approcci scientifici pi\u00f9 recenti e conferma la nostra capacit\u00e0 di collaborare a progetti di comprovato valore scientifico.<\/p>\n<p>Se siete interessati a saperne di pi\u00f9, qui trovate informazioni maggiori sull&#8217;intero progetto:\u00a0<a href=\"https:\/\/lnkd.in\/dReT_axG\">https:\/\/lnkd.in\/dReT_axG<\/a><\/p>\n","protected":false},"excerpt":{"rendered":"<p>Quest&#8217;anno abbiamo avuto il piacere di ospitare a Milano il meeting annuale del progetto FOCI, il progetto europeo del Programma Quadro HORIZON&#8230;<\/p>\n","protected":false},"author":2,"featured_media":0,"comment_status":"closed","ping_status":"closed","sticky":false,"template":"","format":"standard","meta":{"footnotes":""},"categories":[104],"tags":[],"class_list":["post-12460","post","type-post","status-publish","format-standard","hentry","category-news"],"_links":{"self":[{"href":"https:\/\/www.aria-net.it\/it\/wp-json\/wp\/v2\/posts\/12460","targetHints":{"allow":["GET"]}}],"collection":[{"href":"https:\/\/www.aria-net.it\/it\/wp-json\/wp\/v2\/posts"}],"about":[{"href":"https:\/\/www.aria-net.it\/it\/wp-json\/wp\/v2\/types\/post"}],"author":[{"embeddable":true,"href":"https:\/\/www.aria-net.it\/it\/wp-json\/wp\/v2\/users\/2"}],"replies":[{"embeddable":true,"href":"https:\/\/www.aria-net.it\/it\/wp-json\/wp\/v2\/comments?post=12460"}],"version-history":[{"count":3,"href":"https:\/\/www.aria-net.it\/it\/wp-json\/wp\/v2\/posts\/12460\/revisions"}],"predecessor-version":[{"id":12465,"href":"https:\/\/www.aria-net.it\/it\/wp-json\/wp\/v2\/posts\/12460\/revisions\/12465"}],"wp:attachment":[{"href":"https:\/\/www.aria-net.it\/it\/wp-json\/wp\/v2\/media?parent=12460"}],"wp:term":[{"taxonomy":"category","embeddable":true,"href":"https:\/\/www.aria-net.it\/it\/wp-json\/wp\/v2\/categories?post=12460"},{"taxonomy":"post_tag","embeddable":true,"href":"https:\/\/www.aria-net.it\/it\/wp-json\/wp\/v2\/tags?post=12460"}],"curies":[{"name":"wp","href":"https:\/\/api.w.org\/{rel}","templated":true}]}}