{"id":12580,"date":"2025-10-30T10:16:37","date_gmt":"2025-10-30T08:16:37","guid":{"rendered":"https:\/\/www.aria-net.it\/?p=12580"},"modified":"2025-10-30T10:16:37","modified_gmt":"2025-10-30T08:16:37","slug":"ricerca-innovazione-e-strategie-per-la-tutela-dela-qualita-dellaria-in-rapporto-alla-salute-umana","status":"publish","type":"post","link":"https:\/\/www.aria-net.it\/it\/ricerca-innovazione-e-strategie-per-la-tutela-dela-qualita-dellaria-in-rapporto-alla-salute-umana\/","title":{"rendered":"Ricerca, Innovazione e Strategie per la Tutela dela Qualit\u00e0 dell&#8217;Aria in Rapporto alla Salute Umana"},"content":{"rendered":"<p><img loading=\"lazy\" decoding=\"async\" class=\"size-medium wp-image-12582 alignleft\" src=\"https:\/\/www.aria-net.it\/wp-content\/uploads\/2025\/10\/ConvegnoRegioneCampania_31ott2025-215x300.png\" alt=\"\" width=\"215\" height=\"300\" srcset=\"https:\/\/www.aria-net.it\/wp-content\/uploads\/2025\/10\/ConvegnoRegioneCampania_31ott2025-215x300.png 215w, https:\/\/www.aria-net.it\/wp-content\/uploads\/2025\/10\/ConvegnoRegioneCampania_31ott2025-17x24.png 17w, https:\/\/www.aria-net.it\/wp-content\/uploads\/2025\/10\/ConvegnoRegioneCampania_31ott2025-26x36.png 26w, https:\/\/www.aria-net.it\/wp-content\/uploads\/2025\/10\/ConvegnoRegioneCampania_31ott2025-34x48.png 34w, https:\/\/www.aria-net.it\/wp-content\/uploads\/2025\/10\/ConvegnoRegioneCampania_31ott2025-400x558.png 400w, https:\/\/www.aria-net.it\/wp-content\/uploads\/2025\/10\/ConvegnoRegioneCampania_31ott2025.png 563w\" sizes=\"auto, (max-width: 215px) 100vw, 215px\" \/>Che ruolo pu\u00f2 svolgere una regione per definire una strategia condivisa a tutela della qualit\u00e0 dell\u2019aria e della salute dei cittadini?<br \/>\nSe ne parler\u00e0 venerd\u00ec 31 ottobre a Vietri sul Mare, nel convegno \u201c\ud835\udc11\ud835\udc22\ud835\udc1c\ud835\udc1e\ud835\udc2b\ud835\udc1c\ud835\udc1a, \ud835\udc08\ud835\udc27\ud835\udc27\ud835\udc28\ud835\udc2f\ud835\udc1a\ud835\udc33\ud835\udc22\ud835\udc28\ud835\udc27\ud835\udc1e \ud835\udc1e \ud835\udc12\ud835\udc2d\ud835\udc2b\ud835\udc1a\ud835\udc2d\ud835\udc1e\ud835\udc20\ud835\udc22\ud835\udc1e \ud835\udc29\ud835\udc1e\ud835\udc2b \ud835\udc25\ud835\udc1a \ud835\udc13\ud835\udc2e\ud835\udc2d\ud835\udc1e\ud835\udc25\ud835\udc1a \ud835\udc1d\ud835\udc1e\ud835\udc25\ud835\udc25\ud835\udc1a \ud835\udc10\ud835\udc2e\ud835\udc1a\ud835\udc25\ud835\udc22\ud835\udc2d\u00e0 \ud835\udc1d\ud835\udc1e\ud835\udc25\ud835\udc25\u2019\ud835\udc00\ud835\udc2b\ud835\udc22\ud835\udc1a \ud835\udc22\ud835\udc27 \ud835\udc2b\ud835\udc1a\ud835\udc29\ud835\udc29\ud835\udc28\ud835\udc2b\ud835\udc2d\ud835\udc28 \ud835\udc1a\ud835\udc25\ud835\udc25\ud835\udc1a \ud835\udc2c\ud835\udc1a\ud835\udc25\ud835\udc2e\ud835\udc2d\ud835\udc1e \ud835\udc2e\ud835\udc26\ud835\udc1a\ud835\udc27\ud835\udc1a\u201d, momento conclusivo dell\u2019Accordo di Programma tra Regione Campania e Ministero dell\u2019Ambiente (MASE), avviato nel 2021 per il miglioramento della qualit\u00e0 dell\u2019aria.<br \/>\nI temi trattati saranno molti tra cui:<br \/>\n\ud83d\udccc monitoraggio e gestione dell\u2019inquinamento atmosferico<br \/>\ninquinanti emergenti;<br \/>\n\ud83d\udccc uso di osservazioni satellitari, intelligenza artificiale, calcolo ad alte prestazioni;<br \/>\n\ud83d\udccc nuovi modelli di gestione territoriale e dei piani di azione per le aree pi\u00f9 critiche della regione;<br \/>\n\ud83d\udccc legame tra inquinamento e salute;<br \/>\n\ud83d\udccc nuovi indicatori clinici e strumenti di monitoraggio non invasivi.<\/p>\n<p>ARIANET, da sempre accanto agli enti pubblici nell&#8217;affrontare un tema cos\u00ec complesso e importante come la gestione della qualit\u00e0 dell&#8217;aria sar\u00e0 presente e voi, ci sarete?<\/p>\n","protected":false},"excerpt":{"rendered":"<p>Che ruolo pu\u00f2 svolgere una regione per definire una strategia condivisa a tutela della qualit\u00e0 dell\u2019aria e della salute dei cittadini? Se&#8230;<\/p>\n","protected":false},"author":2,"featured_media":0,"comment_status":"closed","ping_status":"closed","sticky":false,"template":"","format":"standard","meta":{"footnotes":""},"categories":[104],"tags":[],"class_list":["post-12580","post","type-post","status-publish","format-standard","hentry","category-news"],"_links":{"self":[{"href":"https:\/\/www.aria-net.it\/it\/wp-json\/wp\/v2\/posts\/12580","targetHints":{"allow":["GET"]}}],"collection":[{"href":"https:\/\/www.aria-net.it\/it\/wp-json\/wp\/v2\/posts"}],"about":[{"href":"https:\/\/www.aria-net.it\/it\/wp-json\/wp\/v2\/types\/post"}],"author":[{"embeddable":true,"href":"https:\/\/www.aria-net.it\/it\/wp-json\/wp\/v2\/users\/2"}],"replies":[{"embeddable":true,"href":"https:\/\/www.aria-net.it\/it\/wp-json\/wp\/v2\/comments?post=12580"}],"version-history":[{"count":1,"href":"https:\/\/www.aria-net.it\/it\/wp-json\/wp\/v2\/posts\/12580\/revisions"}],"predecessor-version":[{"id":12583,"href":"https:\/\/www.aria-net.it\/it\/wp-json\/wp\/v2\/posts\/12580\/revisions\/12583"}],"wp:attachment":[{"href":"https:\/\/www.aria-net.it\/it\/wp-json\/wp\/v2\/media?parent=12580"}],"wp:term":[{"taxonomy":"category","embeddable":true,"href":"https:\/\/www.aria-net.it\/it\/wp-json\/wp\/v2\/categories?post=12580"},{"taxonomy":"post_tag","embeddable":true,"href":"https:\/\/www.aria-net.it\/it\/wp-json\/wp\/v2\/tags?post=12580"}],"curies":[{"name":"wp","href":"https:\/\/api.w.org\/{rel}","templated":true}]}}